{"id":8154,"date":"2024-03-15T11:23:13","date_gmt":"2024-03-15T08:23:13","guid":{"rendered":"https:\/\/gastrodiyari.com\/?p=8154"},"modified":"2024-10-25T17:00:27","modified_gmt":"2024-10-25T14:00:27","slug":"diyarbakir-kirmizi-mercimek","status":"publish","type":"post","link":"https:\/\/gastrodiyari.com\/?p=8154","title":{"rendered":"D\u0130YARBAKIR KIRMIZI MERC\u0130MEK"},"content":{"rendered":"\t\t<div data-elementor-type=\"wp-post\" data-elementor-id=\"8154\" class=\"elementor elementor-8154\">\n\t\t\t\t\t\t<section class=\"elementor-section elementor-top-section elementor-element elementor-element-47cf2181 elementor-section-boxed elementor-section-height-default elementor-section-height-default\" data-id=\"47cf2181\" data-element_type=\"section\" data-e-type=\"section\">\n\t\t\t\t\t\t<div class=\"elementor-container elementor-column-gap-default\">\n\t\t\t\t\t<div class=\"elementor-column elementor-col-100 elementor-top-column elementor-element elementor-element-520fa77c\" data-id=\"520fa77c\" data-element_type=\"column\" data-e-type=\"column\">\n\t\t\t<div class=\"elementor-widget-wrap elementor-element-populated\">\n\t\t\t\t\t\t<div class=\"elementor-element elementor-element-558067f elementor-widget elementor-widget-text-editor\" data-id=\"558067f\" data-element_type=\"widget\" data-e-type=\"widget\" data-widget_type=\"text-editor.default\">\n\t\t\t\t<div class=\"elementor-widget-container\">\n\t\t\t\t\t\t\t\t\t<p><div style=\"width: 1300px;\" class=\"wp-video\"><video class=\"wp-video-shortcode\" id=\"video-8154-1\" width=\"1300\" height=\"731\" preload=\"metadata\" controls=\"controls\"><source type=\"video\/mp4\" src=\"https:\/\/gastrodiyari.com\/wp-content\/uploads\/2024\/03\/KIRMIZI-MERCIMEK.mp4?_=1\" \/><a href=\"https:\/\/gastrodiyari.com\/wp-content\/uploads\/2024\/03\/KIRMIZI-MERCIMEK.mp4\">https:\/\/gastrodiyari.com\/wp-content\/uploads\/2024\/03\/KIRMIZI-MERCIMEK.mp4<\/a><\/video><\/div><\/p><p><strong>D\u0130YARBAKIR KIRMIZI MERC\u0130ME\u011e\u0130<\/strong><\/p><p><strong>Co\u011frafi \u0130\u015faret Tescilinin Co\u011frafi S\u0131n\u0131r\u0131:<\/strong> Diyarbak\u0131r ili<\/p><p><strong>Co\u011frafi \u0130\u015faret Ba\u015fvuru Tarihi:<\/strong> 15.07.2020<\/p><p><strong>Co\u011frafi \u0130\u015faret T\u00fcr\u00fc: <\/strong>Mahre\u00e7<\/p><p><strong>Co\u011frafi \u0130\u015faret \u00dcr\u00fcn Kategorisi:<\/strong> Tar\u0131m<\/p><p><strong>Co\u011frafi \u0130\u015faret \u00dcr\u00fcn ve \u00dcr\u00fcn Grubu:<\/strong> Mercimek \/ \u0130\u015flenmi\u015f ve \u0130\u015flenmemi\u015f, meyve ve sebzeler, mantarlar<\/p><p>\u00a0<\/p><ul><li>G\u00fcneydo\u011fu Anadolu B\u00f6lgesi mercimek \u00fcretiminin yo\u011funla\u015ft\u0131\u011f\u0131 b\u00f6lge olup, Diyarbak\u0131r T\u00fcrkiye\u2019de mercimek \u00fcretiminin en y\u00fcksek oldu\u011fu ildir.<\/li><li>Diyarbak\u0131r Mercime\u011fi yerel ekonomi i\u00e7in \u00f6nemli bir potansiyele sahiptir. \u00dcr\u00fcn\u00fcn \u00f6nemli bir b\u00f6l\u00fcm\u00fc ihra\u00e7 edilmektedir.<\/li><li>Diyarbak\u0131r&#8217;da \u00fcretilen mercime\u011fin tad\u0131n\u0131n yumu\u015fak olmas\u0131, a\u011f\u0131z i\u00e7inde erimesi, di\u011fer mercimeklere g\u00f6re daha h\u0131zl\u0131 pi\u015fmesi \u00fcr\u00fcn\u00fcn ay\u0131rt edici \u00f6zellikleri aras\u0131nda say\u0131lmaktad\u0131r.<\/li><li>Diyarbak\u0131r\u2019da yaz s\u0131cakl\u0131klar\u0131 erken ve birden geldi\u011finden ve \u00e7ok s\u0131cak ge\u00e7en yaz aylar\u0131nda ya\u011f\u0131\u015f olmad\u0131\u011f\u0131ndan yaz\u0131n bi\u00e7ilen k\u0131rm\u0131z\u0131 mercime\u011fin ekimi sonbaharda yap\u0131lmaktad\u0131r. Yaz d\u00f6neminde bu\u011fday ve arpa bi\u00e7ilmesinden sonra \u2013son y\u0131llarda nadasa art\u0131k b\u0131rak\u0131lmadan- k\u0131rm\u0131z\u0131 mercimek ekimleri yap\u0131lmaktad\u0131r. Bu\u011fday ve arpa ile m\u00fcnavebeli \u015fekilde \u00fcretilir. Bu a\u00e7\u0131dan bak\u0131ld\u0131\u011f\u0131nda bu\u011fday \u00fcreticilerinin ayn\u0131 zamanda mercimek \u00fcreticisi de oldu\u011fu s\u00f6ylenebilir.<\/li><li>Ayr\u0131ca mercimek saplar\u0131 y\u00fczy\u0131llardan bu yana saman olarak de\u011ferlendirilmi\u015ftir. Bu a\u00e7\u0131dan mercimek hayvanc\u0131l\u0131kta kaba yem ihtiyac\u0131n\u0131 kar\u015f\u0131lamas\u0131 nedeniyle de b\u00f6lgenin tar\u0131m ekonomisinin stratejik kaynaklar\u0131ndan biridir.<\/li><li>Mercimek genel olarak susuz yeti\u015ftirildi\u011fi i\u00e7in kurakl\u0131\u011fa dayan\u0131kl\u0131d\u0131r.<\/li><li>Y\u00f6re halk\u0131 i\u00e7in mercimek \u00fcretimi toprak azot miktar\u0131n\u0131n art\u0131r\u0131lmas\u0131 a\u00e7\u0131s\u0131ndan da \u00f6nemli bir ekolojik de\u011ferdir ve m\u00fcnavebeli tar\u0131m\u0131n \u00e7ok \u00f6nemli bir organik ta\u015f\u0131y\u0131c\u0131s\u0131d\u0131r.<\/li><li>Mercimek tohumunun d\u0131\u015f\u0131nda, mercimek saman\u0131 y\u00fcksek proteini ile hayvan yeminde olduk\u00e7a reva\u00e7ta ve \u00fcreticiler i\u00e7in gelir getirici bir yan \u00fcr\u00fcnd\u00fcr.<\/li><\/ul><p>\u00a0<\/p><p>\u00a0<\/p>\t\t\t\t\t\t\t\t<\/div>\n\t\t\t\t<\/div>\n\t\t\t\t\t<\/div>\n\t\t<\/div>\n\t\t\t\t\t<\/div>\n\t\t<\/section>\n\t\t\t\t<\/div>\n\t\t","protected":false},"excerpt":{"rendered":"<p>D\u0130YARBAKIR KIRMIZI MERC\u0130ME\u011e\u0130 Co\u011frafi \u0130\u015faret Tescilinin Co\u011frafi S\u0131n\u0131r\u0131: Diyarbak\u0131r ili Co\u011frafi \u0130\u015faret Ba\u015fvuru Tarihi: 15.07.2020 Co\u011frafi \u0130\u015faret T\u00fcr\u00fc: Mahre\u00e7 Co\u011frafi \u0130\u015faret \u00dcr\u00fcn Kategorisi: Tar\u0131m Co\u011frafi \u0130\u015faret \u00dcr\u00fcn ve \u00dcr\u00fcn Grubu: Mercimek \/ \u0130\u015flenmi\u015f ve \u0130\u015flenmemi\u015f, meyve ve sebzeler, mantarlar \u00a0 G\u00fcneydo\u011fu Anadolu B\u00f6lgesi mercimek \u00fcretiminin yo\u011funla\u015ft\u0131\u011f\u0131 b\u00f6lge olup, Diyarbak\u0131r T\u00fcrkiye\u2019de mercimek \u00fcretiminin en y\u00fcksek oldu\u011fu [&hellip;]<\/p>\n","protected":false},"author":1,"featured_media":0,"comment_status":"open","ping_status":"open","sticky":false,"template":"","format":"video","meta":{"footnotes":""},"categories":[76],"tags":[85,97,95,96,93],"class_list":["post-8154","post","type-post","status-publish","format-video","hentry","category-yoresel-urunler","tag-diyarbakir","tag-kirmizi","tag-mercimek","tag-toresel","tag-urun","post_format-post-format-video"],"amp_enabled":true,"_links":{"self":[{"href":"https:\/\/gastrodiyari.com\/index.php?rest_route=\/wp\/v2\/posts\/8154","targetHints":{"allow":["GET"]}}],"collection":[{"href":"https:\/\/gastrodiyari.com\/index.php?rest_route=\/wp\/v2\/posts"}],"about":[{"href":"https:\/\/gastrodiyari.com\/index.php?rest_route=\/wp\/v2\/types\/post"}],"author":[{"embeddable":true,"href":"https:\/\/gastrodiyari.com\/index.php?rest_route=\/wp\/v2\/users\/1"}],"replies":[{"embeddable":true,"href":"https:\/\/gastrodiyari.com\/index.php?rest_route=%2Fwp%2Fv2%2Fcomments&post=8154"}],"version-history":[{"count":3,"href":"https:\/\/gastrodiyari.com\/index.php?rest_route=\/wp\/v2\/posts\/8154\/revisions"}],"predecessor-version":[{"id":10028,"href":"https:\/\/gastrodiyari.com\/index.php?rest_route=\/wp\/v2\/posts\/8154\/revisions\/10028"}],"wp:attachment":[{"href":"https:\/\/gastrodiyari.com\/index.php?rest_route=%2Fwp%2Fv2%2Fmedia&parent=8154"}],"wp:term":[{"taxonomy":"category","embeddable":true,"href":"https:\/\/gastrodiyari.com\/index.php?rest_route=%2Fwp%2Fv2%2Fcategories&post=8154"},{"taxonomy":"post_tag","embeddable":true,"href":"https:\/\/gastrodiyari.com\/index.php?rest_route=%2Fwp%2Fv2%2Ftags&post=8154"}],"curies":[{"name":"wp","href":"https:\/\/api.w.org\/{rel}","templated":true}]}}